{"id":25,"date":"2024-11-20T20:19:24","date_gmt":"2024-11-20T19:19:24","guid":{"rendered":"https:\/\/www.enfantsdurwanda.com\/?p=25"},"modified":"2024-12-13T20:57:45","modified_gmt":"2024-12-13T19:57:45","slug":"samedi-7-et-dimanche-8-decembre-2024-marche-solidaire-a-la-chapelle-sur-erdre","status":"publish","type":"post","link":"https:\/\/www.enfantsdurwanda.com\/?p=25","title":{"rendered":"Samedi 7 et dimanche 8 d\u00e9cembre 2024 &#8211; March\u00e9 solidaire \u00e0 La Chapelle sur Erdre"},"content":{"rendered":"<p>Salle Jean Jaur\u00e8s &#8211; 19 Rue Jean Jaur\u00e8s, 44240 La Chapelle-sur-Erdre<\/p>\n<p><img loading=\"lazy\" decoding=\"async\" src=\"https:\/\/www.enfantsdurwanda.com\/wp-content\/uploads\/2024\/12\/Screenshot_20241213_204643-182x300.png\" alt=\"\" width=\"364\" height=\"600\" class=\"alignnone size-medium wp-image-30\" srcset=\"https:\/\/www.enfantsdurwanda.com\/wp-content\/uploads\/2024\/12\/Screenshot_20241213_204643-182x300.png 182w, https:\/\/www.enfantsdurwanda.com\/wp-content\/uploads\/2024\/12\/Screenshot_20241213_204643.png 344w\" sizes=\"auto, (max-width: 364px) 100vw, 364px\" \/><\/p>\n","protected":false},"excerpt":{"rendered":"<p>Salle Jean Jaur\u00e8s &#8211; 19 Rue Jean Jaur\u00e8s, 44240 La Chapelle-sur-Erdre<\/p>\n","protected":false},"author":1,"featured_media":0,"comment_status":"open","ping_status":"open","sticky":false,"template":"","format":"standard","meta":{"footnotes":""},"categories":[1],"tags":[],"class_list":["post-25","post","type-post","status-publish","format-standard","hentry","category-non-classe"],"_links":{"self":[{"href":"https:\/\/www.enfantsdurwanda.com\/index.php?rest_route=\/wp\/v2\/posts\/25","targetHints":{"allow":["GET"]}}],"collection":[{"href":"https:\/\/www.enfantsdurwanda.com\/index.php?rest_route=\/wp\/v2\/posts"}],"about":[{"href":"https:\/\/www.enfantsdurwanda.com\/index.php?rest_route=\/wp\/v2\/types\/post"}],"author":[{"embeddable":true,"href":"https:\/\/www.enfantsdurwanda.com\/index.php?rest_route=\/wp\/v2\/users\/1"}],"replies":[{"embeddable":true,"href":"https:\/\/www.enfantsdurwanda.com\/index.php?rest_route=%2Fwp%2Fv2%2Fcomments&post=25"}],"version-history":[{"count":3,"href":"https:\/\/www.enfantsdurwanda.com\/index.php?rest_route=\/wp\/v2\/posts\/25\/revisions"}],"predecessor-version":[{"id":32,"href":"https:\/\/www.enfantsdurwanda.com\/index.php?rest_route=\/wp\/v2\/posts\/25\/revisions\/32"}],"wp:attachment":[{"href":"https:\/\/www.enfantsdurwanda.com\/index.php?rest_route=%2Fwp%2Fv2%2Fmedia&parent=25"}],"wp:term":[{"taxonomy":"category","embeddable":true,"href":"https:\/\/www.enfantsdurwanda.com\/index.php?rest_route=%2Fwp%2Fv2%2Fcategories&post=25"},{"taxonomy":"post_tag","embeddable":true,"href":"https:\/\/www.enfantsdurwanda.com\/index.php?rest_route=%2Fwp%2Fv2%2Ftags&post=25"}],"curies":[{"name":"wp","href":"https:\/\/api.w.org\/{rel}","templated":true}]}}