{"id":122,"date":"2025-05-21T14:06:16","date_gmt":"2025-05-21T12:06:16","guid":{"rendered":"https:\/\/www.enfantsdurwanda.com\/?p=122"},"modified":"2025-05-21T14:06:16","modified_gmt":"2025-05-21T12:06:16","slug":"vous-pouvez-nous-aider","status":"publish","type":"post","link":"https:\/\/www.enfantsdurwanda.com\/?p=122","title":{"rendered":"Vous pouvez nous aider !"},"content":{"rendered":"<div id=\"attachment_123\" style=\"width: 235px\" class=\"wp-caption alignnone\"><img loading=\"lazy\" decoding=\"async\" aria-describedby=\"caption-attachment-123\" class=\"size-medium wp-image-123\" src=\"https:\/\/www.enfantsdurwanda.com\/wp-content\/uploads\/2025\/05\/EDR-carre-de-laine-225x300.jpg\" alt=\"\" width=\"225\" height=\"300\" srcset=\"https:\/\/www.enfantsdurwanda.com\/wp-content\/uploads\/2025\/05\/EDR-carre-de-laine-225x300.jpg 225w, https:\/\/www.enfantsdurwanda.com\/wp-content\/uploads\/2025\/05\/EDR-carre-de-laine-768x1024.jpg 768w, https:\/\/www.enfantsdurwanda.com\/wp-content\/uploads\/2025\/05\/EDR-carre-de-laine-1152x1536.jpg 1152w, https:\/\/www.enfantsdurwanda.com\/wp-content\/uploads\/2025\/05\/EDR-carre-de-laine.jpg 1536w\" sizes=\"auto, (max-width: 225px) 100vw, 225px\" \/><p id=\"caption-attachment-123\" class=\"wp-caption-text\">Vous envisagez d&rsquo;aller au Rwanda?<br \/>Il reste de la place dans vos valises?<br \/>Et vous habitez aux environs de Nantes?<br \/>N&rsquo;h\u00e9sitez pas \u00e0 nous contacter si vous acceptez de transporter des carr\u00e9s de laine et des v\u00eatements de b\u00e9b\u00e9s \u00e0 l&rsquo;aller et de rapporter de l&rsquo;artisanat au retour, fonction de la place que vous avez de libre dans vos valises.<br \/>Contacter : enfantsdurwanda@gmail.com ou t\u00e9l. au 07 81 29 93 76<br \/>Agathe, une Rwandaise qui repr\u00e9sente notre association au Rwanda et habite \u00e0 Kigali, se fera un plaisir de venir r\u00e9cup\u00e9rer ce que vous aurez apport\u00e9 et de vous remettre l&rsquo;artisanat avant votre d\u00e9part.<br \/>Ci-dessus un v\u00eatement et une couverture fabriqu\u00e9s avec des carr\u00e9s de laine tricot\u00e9s par des personnes de La Chapelle.<\/p><\/div>\n<p>&nbsp;<\/p>\n","protected":false},"excerpt":{"rendered":"<p>&nbsp;<\/p>\n","protected":false},"author":3,"featured_media":0,"comment_status":"open","ping_status":"open","sticky":false,"template":"","format":"standard","meta":{"footnotes":""},"categories":[1],"tags":[],"class_list":["post-122","post","type-post","status-publish","format-standard","hentry","category-non-classe"],"_links":{"self":[{"href":"https:\/\/www.enfantsdurwanda.com\/index.php?rest_route=\/wp\/v2\/posts\/122","targetHints":{"allow":["GET"]}}],"collection":[{"href":"https:\/\/www.enfantsdurwanda.com\/index.php?rest_route=\/wp\/v2\/posts"}],"about":[{"href":"https:\/\/www.enfantsdurwanda.com\/index.php?rest_route=\/wp\/v2\/types\/post"}],"author":[{"embeddable":true,"href":"https:\/\/www.enfantsdurwanda.com\/index.php?rest_route=\/wp\/v2\/users\/3"}],"replies":[{"embeddable":true,"href":"https:\/\/www.enfantsdurwanda.com\/index.php?rest_route=%2Fwp%2Fv2%2Fcomments&post=122"}],"version-history":[{"count":2,"href":"https:\/\/www.enfantsdurwanda.com\/index.php?rest_route=\/wp\/v2\/posts\/122\/revisions"}],"predecessor-version":[{"id":125,"href":"https:\/\/www.enfantsdurwanda.com\/index.php?rest_route=\/wp\/v2\/posts\/122\/revisions\/125"}],"wp:attachment":[{"href":"https:\/\/www.enfantsdurwanda.com\/index.php?rest_route=%2Fwp%2Fv2%2Fmedia&parent=122"}],"wp:term":[{"taxonomy":"category","embeddable":true,"href":"https:\/\/www.enfantsdurwanda.com\/index.php?rest_route=%2Fwp%2Fv2%2Fcategories&post=122"},{"taxonomy":"post_tag","embeddable":true,"href":"https:\/\/www.enfantsdurwanda.com\/index.php?rest_route=%2Fwp%2Fv2%2Ftags&post=122"}],"curies":[{"name":"wp","href":"https:\/\/api.w.org\/{rel}","templated":true}]}}